{"id":1113,"date":"2024-05-29T10:06:45","date_gmt":"2024-05-29T09:06:45","guid":{"rendered":"https:\/\/bortziriakberd.eus\/?p=1113"},"modified":"2024-10-07T12:09:11","modified_gmt":"2024-10-07T11:09:11","slug":"el-diagnostico-de-necesidades-de-cuidados-de-bortziriak-esta-en-marcha","status":"publish","type":"post","link":"https:\/\/bortziriakberd.eus\/es\/2024\/05\/29\/el-diagnostico-de-necesidades-de-cuidados-de-bortziriak-esta-en-marcha\/","title":{"rendered":"El diagn\u00f3stico de necesidades de Cuidados de Bortziriak est\u00e1 en marcha"},"content":{"rendered":"<p>En el a\u00f1o 2023, a trav\u00e9s de un proceso participativo, el se elabor\u00f3 el 3er Plan de Igualdad de Bortziriak (2023-2027). El plan, aprobado por cinco ayuntamientos, previ\u00f3 para el a\u00f1o 2024 un diagn\u00f3stico de las necesidades de cuidados en relaci\u00f3n con el cuidado de las\/los ni\u00f1as\/os y el cuidado de personas en situaci\u00f3n de\u00a0dependencia, en el camino hacia una sociedad y una econom\u00eda m\u00e1s igualitaria.<\/p>\n<p>El servicio de igualdad ya ha puesto en marcha este proceso,\u00a0ya que todas las personas tendremos la necesidad de ser atendidas a lo largo de la vida, pero las tareas de cuidado se realizan en un nivel muy desequilibrado e injusto.\u00a0Este diagn\u00f3stico se realizar\u00e1 de la mano de la asociaci\u00f3n Emagin, con el apoyo de los ayuntamientos, servicios sociales y el movimiento feminista de la comarca.<\/p>\n<p>El diagn\u00f3stico tiene 3 objetivos:<\/p>\n<p>Realizar un diagn\u00f3stico de la organizaci\u00f3n de los trabajos de cuidado de Bortziriak mediante un proceso participativo,\u00a0con el objetivo de democratizar los trabajos de cuidado.<\/p>\n<p>Sensibilizar y concienciar sobre la organizaci\u00f3n de los actuales trabajos de cuidado entre representantes, agentes y ciudadan\u00eda en general.<\/p>\n<p>Crear estructuras de articulaci\u00f3n p\u00fablica comunitaria para la puesta en marcha de procesos de transformaci\u00f3n de los trabajos de cuidado.<\/p>\n<p>Estamos en la fase inicial del proceso, en la recogida de datos. Animamos a participar en las sesiones de trabajo sobre los cuidados que en los pr\u00f3ximos meses organizaremos y comunicaremos a representantes, agentes y ciudadan\u00eda.<\/p>\n<p>\u00a1Construyamos una ciudadan\u00eda en la que todas y todos cuidemos!<\/p>\n","protected":false},"excerpt":{"rendered":"<p>En el a\u00f1o 2023, a trav\u00e9s de un proceso participativo, el se elabor\u00f3 el 3er Plan de Igualdad de Bortziriak (2023-2027). El plan, aprobado por cinco ayuntamientos, previ\u00f3 para el a\u00f1o 2024 un diagn\u00f3stico de las necesidades de cuidados en relaci\u00f3n con el cuidado de las\/los ni\u00f1as\/os y el cuidado de personas en situaci\u00f3n de\u00a0dependencia,&#8230;<\/p>\n","protected":false},"author":3,"featured_media":517,"comment_status":"closed","ping_status":"closed","sticky":false,"template":"","format":"standard","meta":{"_acf_changed":false,"footnotes":""},"categories":[28],"tags":[],"class_list":["post-1113","post","type-post","status-publish","format-standard","has-post-thumbnail","hentry","category-noticias"],"acf":[],"_links":{"self":[{"href":"https:\/\/bortziriakberd.eus\/es\/wp-json\/wp\/v2\/posts\/1113","targetHints":{"allow":["GET"]}}],"collection":[{"href":"https:\/\/bortziriakberd.eus\/es\/wp-json\/wp\/v2\/posts"}],"about":[{"href":"https:\/\/bortziriakberd.eus\/es\/wp-json\/wp\/v2\/types\/post"}],"author":[{"embeddable":true,"href":"https:\/\/bortziriakberd.eus\/es\/wp-json\/wp\/v2\/users\/3"}],"replies":[{"embeddable":true,"href":"https:\/\/bortziriakberd.eus\/es\/wp-json\/wp\/v2\/comments?post=1113"}],"version-history":[{"count":2,"href":"https:\/\/bortziriakberd.eus\/es\/wp-json\/wp\/v2\/posts\/1113\/revisions"}],"predecessor-version":[{"id":1194,"href":"https:\/\/bortziriakberd.eus\/es\/wp-json\/wp\/v2\/posts\/1113\/revisions\/1194"}],"wp:featuredmedia":[{"embeddable":true,"href":"https:\/\/bortziriakberd.eus\/es\/wp-json\/wp\/v2\/media\/517"}],"wp:attachment":[{"href":"https:\/\/bortziriakberd.eus\/es\/wp-json\/wp\/v2\/media?parent=1113"}],"wp:term":[{"taxonomy":"category","embeddable":true,"href":"https:\/\/bortziriakberd.eus\/es\/wp-json\/wp\/v2\/categories?post=1113"},{"taxonomy":"post_tag","embeddable":true,"href":"https:\/\/bortziriakberd.eus\/es\/wp-json\/wp\/v2\/tags?post=1113"}],"curies":[{"name":"wp","href":"https:\/\/api.w.org\/{rel}","templated":true}]}}