{"id":1132,"date":"2024-09-27T09:56:33","date_gmt":"2024-09-27T08:56:33","guid":{"rendered":"https:\/\/bortziriakberd.eus\/?p=1132"},"modified":"2025-01-09T16:12:14","modified_gmt":"2025-01-09T15:12:14","slug":"punto-morado-en-las-fiestas-de-igantzi","status":"publish","type":"post","link":"https:\/\/bortziriakberd.eus\/es\/2024\/09\/27\/punto-morado-en-las-fiestas-de-igantzi\/","title":{"rendered":"PUNTO MORADO EN LAS FIESTAS DE IGANTZI"},"content":{"rendered":"<p><strong>El s\u00e1bado 28 de septiembre, de 19:00 a 00:00 horas, se instalar\u00e1 el PUNTO DE INFORMACI\u00d3N en la plaza del pueblo de Igantzi.<\/strong><\/p>\n<p>Para concienciar sobre la violencia machista y la LGTBI+fobia, contaremos con una carpa violeta situada en la zona de fiesta.\u00a0Un espacio de prevenci\u00f3n y sensibilizaci\u00f3n. Se ofrecer\u00e1 a toda la ciudadan\u00eda informaci\u00f3n sobre las agresiones y herramientas para hacerles frente.<\/p>\n<p>Adem\u00e1s, si se quiere informar sobre cualquier hecho o vivencia relacionada con la violencia machista, se puede escribir al email <a href=\"mailto:berdintasuna@bortziriakberd.eus\"><u>berdintasuna@bortziriakberd.eus<\/u><\/a>. Se garantizar\u00e1 la confidencialidad de toda la informaci\u00f3n que se reciba.<\/p>\n<p>Queremos unas fiestas en las cuales se respete la diversidad, sin ning\u00fan tipo de discriminaci\u00f3n ni agresi\u00f3n. \u00a1DISFRUTEMOS DE LAS FIESTAS!<\/p>\n","protected":false},"excerpt":{"rendered":"<p>El s\u00e1bado 28 de septiembre, de 19:00 a 00:00 horas, se instalar\u00e1 el PUNTO DE INFORMACI\u00d3N en la plaza del pueblo de Igantzi. Para concienciar sobre la violencia machista y la LGTBI+fobia, contaremos con una carpa violeta situada en la zona de fiesta.\u00a0Un espacio de prevenci\u00f3n y sensibilizaci\u00f3n. Se ofrecer\u00e1 a toda la ciudadan\u00eda informaci\u00f3n&#8230;<\/p>\n","protected":false},"author":3,"featured_media":1051,"comment_status":"closed","ping_status":"closed","sticky":false,"template":"","format":"standard","meta":{"_acf_changed":false,"footnotes":""},"categories":[27,28],"tags":[],"class_list":["post-1132","post","type-post","status-publish","format-standard","has-post-thumbnail","hentry","category-evento","category-noticias"],"acf":[],"_links":{"self":[{"href":"https:\/\/bortziriakberd.eus\/es\/wp-json\/wp\/v2\/posts\/1132","targetHints":{"allow":["GET"]}}],"collection":[{"href":"https:\/\/bortziriakberd.eus\/es\/wp-json\/wp\/v2\/posts"}],"about":[{"href":"https:\/\/bortziriakberd.eus\/es\/wp-json\/wp\/v2\/types\/post"}],"author":[{"embeddable":true,"href":"https:\/\/bortziriakberd.eus\/es\/wp-json\/wp\/v2\/users\/3"}],"replies":[{"embeddable":true,"href":"https:\/\/bortziriakberd.eus\/es\/wp-json\/wp\/v2\/comments?post=1132"}],"version-history":[{"count":2,"href":"https:\/\/bortziriakberd.eus\/es\/wp-json\/wp\/v2\/posts\/1132\/revisions"}],"predecessor-version":[{"id":1147,"href":"https:\/\/bortziriakberd.eus\/es\/wp-json\/wp\/v2\/posts\/1132\/revisions\/1147"}],"wp:featuredmedia":[{"embeddable":true,"href":"https:\/\/bortziriakberd.eus\/es\/wp-json\/wp\/v2\/media\/1051"}],"wp:attachment":[{"href":"https:\/\/bortziriakberd.eus\/es\/wp-json\/wp\/v2\/media?parent=1132"}],"wp:term":[{"taxonomy":"category","embeddable":true,"href":"https:\/\/bortziriakberd.eus\/es\/wp-json\/wp\/v2\/categories?post=1132"},{"taxonomy":"post_tag","embeddable":true,"href":"https:\/\/bortziriakberd.eus\/es\/wp-json\/wp\/v2\/tags?post=1132"}],"curies":[{"name":"wp","href":"https:\/\/api.w.org\/{rel}","templated":true}]}}