{"id":1159,"date":"2024-09-20T12:40:31","date_gmt":"2024-09-20T11:40:31","guid":{"rendered":"https:\/\/bortziriakberd.eus\/?p=1159"},"modified":"2025-01-09T16:08:56","modified_gmt":"2025-01-09T15:08:56","slug":"bait-eaiv-zerbitzuaren-aurkezpen-saio-irekia-eta-profesionalentzako-bertze-bi-aurkezpen-antolatu-ditu-bortzirietako-berdintasun-zerbitzuak-horietako-bat-bait-eaiv-taldearena-eta-bertzea-kattalingune","status":"publish","type":"post","link":"https:\/\/bortziriakberd.eus\/es\/2024\/09\/20\/bait-eaiv-zerbitzuaren-aurkezpen-saio-irekia-eta-profesionalentzako-bertze-bi-aurkezpen-antolatu-ditu-bortzirietako-berdintasun-zerbitzuak-horietako-bat-bait-eaiv-taldearena-eta-bertzea-kattalingune\/","title":{"rendered":"Presentaci\u00f3n del servicio EAIV y dos presentaciones de servicios para profesionales"},"content":{"rendered":"<p><strong>El equipo EAIV-BAIT<\/strong> ofrece una atenci\u00f3n integral a las v\u00edctimas de violencia de g\u00e9nero o en riesgo de serlo, y el 5 de junio acudir\u00e1n a Bortziriak dos miembros del equipo que atiende la comarca noroeste de Navarra.<\/p>\n<p>La <strong>Casa de Cultura de Etxalar<\/strong> acoger\u00e1 una doble cita: por un lado, a las <strong>14:00 horas<\/strong>, una sesi\u00f3n dirigida a profesionales del \u00e1mbito sanitario, educativo y social de la comarca, en euskera, y, por otro, a las <strong>17:00 horas<\/strong>, una sesi\u00f3n abierta a la ciudadan\u00eda. En la sesi\u00f3n de esta tarde explicar\u00e1n el funcionamiento del servicio y c\u00f3mo actuar en este tipo de casos, as\u00ed como las claves para identificar la violencia machista. Asimismo, ofrecer\u00e1n servicios de traducci\u00f3n y cuidado de menores. Quien desee estos dos servicios deber\u00e1 inscribirse antes del 3 de junio contactando con el Servicio de Igualdad de Bortziriak: llamando al 722 69 30 78 o escribiendo a berdintasuna@bortziriakberd.eus.<\/p>\n<p><strong>Servicio Kattalingune LGTBI+<\/strong><br \/>\nLa presentaci\u00f3n del servicio Kattalingune est\u00e1 dirigida a profesionales de Bortziriak. <strong>El 13 de junio<\/strong> se acercar\u00e1 la sex\u00f3loga que se ocupa de la zona del noroeste de Navarra. Explicar\u00e1 en qu\u00e9 consiste el servicio y c\u00f3mo cada profesional puede integrar la tem\u00e1tica LGTBI+ en su trabajo diario. En este caso, se reunir\u00e1n en la <strong>Casa de Cultura Harriondoa de Lesaka, a las 12:00.<\/strong><\/p>\n<p>Fuente: <a href=\"https:\/\/erran.eus\/\" target=\"_blank\" rel=\"noopener\">erran. eus<\/a><\/p>\n","protected":false},"excerpt":{"rendered":"<p>El equipo EAIV-BAIT ofrece una atenci\u00f3n integral a las v\u00edctimas de violencia de g\u00e9nero o en riesgo de serlo, y el 5 de junio acudir\u00e1n a Bortziriak dos miembros del equipo que atiende la comarca noroeste de Navarra. La Casa de Cultura de Etxalar acoger\u00e1 una doble cita: por un lado, a las 14:00 horas,&#8230;<\/p>\n","protected":false},"author":3,"featured_media":531,"comment_status":"closed","ping_status":"closed","sticky":false,"template":"","format":"standard","meta":{"_acf_changed":false,"footnotes":""},"categories":[28],"tags":[],"class_list":["post-1159","post","type-post","status-publish","format-standard","has-post-thumbnail","hentry","category-noticias"],"acf":[],"_links":{"self":[{"href":"https:\/\/bortziriakberd.eus\/es\/wp-json\/wp\/v2\/posts\/1159","targetHints":{"allow":["GET"]}}],"collection":[{"href":"https:\/\/bortziriakberd.eus\/es\/wp-json\/wp\/v2\/posts"}],"about":[{"href":"https:\/\/bortziriakberd.eus\/es\/wp-json\/wp\/v2\/types\/post"}],"author":[{"embeddable":true,"href":"https:\/\/bortziriakberd.eus\/es\/wp-json\/wp\/v2\/users\/3"}],"replies":[{"embeddable":true,"href":"https:\/\/bortziriakberd.eus\/es\/wp-json\/wp\/v2\/comments?post=1159"}],"version-history":[{"count":6,"href":"https:\/\/bortziriakberd.eus\/es\/wp-json\/wp\/v2\/posts\/1159\/revisions"}],"predecessor-version":[{"id":1700,"href":"https:\/\/bortziriakberd.eus\/es\/wp-json\/wp\/v2\/posts\/1159\/revisions\/1700"}],"wp:featuredmedia":[{"embeddable":true,"href":"https:\/\/bortziriakberd.eus\/es\/wp-json\/wp\/v2\/media\/531"}],"wp:attachment":[{"href":"https:\/\/bortziriakberd.eus\/es\/wp-json\/wp\/v2\/media?parent=1159"}],"wp:term":[{"taxonomy":"category","embeddable":true,"href":"https:\/\/bortziriakberd.eus\/es\/wp-json\/wp\/v2\/categories?post=1159"},{"taxonomy":"post_tag","embeddable":true,"href":"https:\/\/bortziriakberd.eus\/es\/wp-json\/wp\/v2\/tags?post=1159"}],"curies":[{"name":"wp","href":"https:\/\/api.w.org\/{rel}","templated":true}]}}