{"id":1552,"date":"2024-12-19T07:54:58","date_gmt":"2024-12-19T06:54:58","guid":{"rendered":"https:\/\/bortziriakberd.eus\/?p=1552"},"modified":"2025-01-03T11:42:57","modified_gmt":"2025-01-03T10:42:57","slug":"sesiones-participativas-para-completar-el-diagnostico-de-cuidados-de-bortziriak","status":"publish","type":"post","link":"https:\/\/bortziriakberd.eus\/es\/2024\/12\/19\/sesiones-participativas-para-completar-el-diagnostico-de-cuidados-de-bortziriak\/","title":{"rendered":"SESIONES PARTICIPATIVAS PARA COMPLETAR EL DIAGN\u00d3STICO DE CUIDADOS DE BORTZIRIAK"},"content":{"rendered":"<section class=\"l-section wpb_row height_medium\"><div class=\"l-section-h i-cf\"><div class=\"g-cols vc_row via_flex valign_top type_default stacking_default\"><div class=\"vc_col-sm-12 wpb_column vc_column_container\"><div class=\"vc_column-inner\"><div class=\"wpb_wrapper\"><div class=\"wpb_text_column\"><div class=\"wpb_wrapper\"><p><span style=\"letter-spacing: 0em;\">En 2023, a trav\u00e9s de un proceso participativo, se llev\u00f3 a cabo el III Plan de Igualdad de Bortziriak (2023-2027) con la aprobaci\u00f3n de los cinco ayuntamientos. Camino hacia una sociedad y una econom\u00eda m\u00e1s igualitaria se contempl\u00f3 realizar un <strong>diagn\u00f3stico sobre los cuidados<\/strong> vinculado al cuidado de ni\u00f1as\/os y personas dependientes.<\/span><\/p>\n<p><span style=\"letter-spacing: 0em;\">Por todo ello, y porque tenemos que actuar ante la crisis de cuidados en la que nos encontramos, desde el Servicio de Igualdad se puso en marcha un proceso participativo del diagn\u00f3stico guiado por Emagin elkartea. En este proceso se ha analizado la documentaci\u00f3n para conocer la realidad en materia de cuidados de Bortziriak, se ha realizado un mapeo de los servicios, y se han realizado entrevistas grupales con agentes clave.<\/span><\/p>\n<div class=\"row\">\n<p>Ahora, queremos contrastar toda la informaci\u00f3n recibida: por un lado, con la ciudadan\u00eda, para recoger sus necesidades, sus propuestas y pensar entre todas\/os en la articulaci\u00f3n comunitaria; y por otro, con el personal t\u00e9cnico y representaci\u00f3n pol\u00edtica, para completar el diagn\u00f3stico y tratar sobre los compromisos de cara al futuro.<\/p>\n<p>Con el fin de democratizar las tareas de cuidado, adem\u00e1s de realizar un diagn\u00f3stico sobre la organizaci\u00f3n de los trabajos de cuidados en Bortziriak, queremos identificar los retos del futuro. Animamos a la ciudadan\u00eda a participar en una pr\u00f3xima sesi\u00f3n. Se ofrecen dos sesiones con el mismo contenido, en diferentes d\u00edas y horas.<\/p>\n<ul>\n<li>\u00bfCu\u00e1l es la organizaci\u00f3n actual de los cuidados?<\/li>\n<li>\u00bfC\u00f3mo nos cuidamos?<\/li>\n<li>\u00bfQu\u00e9 debemos cambiar?<\/li>\n<\/ul>\n<p><strong>Dinamizaci\u00f3n<\/strong>: Emagin elkartea.<\/p>\n<p><strong>Cita con personal t\u00e9cnico y representaci\u00f3n pol\u00edtica:<\/strong><\/p>\n<p><strong>IGANTZI<\/strong>: 5 de noviembre, martes, a las 9:00 en Barantzondo.<\/p>\n<p><strong>Citas con la ciudadan\u00eda:<\/strong><\/p>\n<p><strong>BERA: 14 de noviembre, jueves, a las 18:00 en Beralandeta<\/strong>. Para solicitar el servicio de cuidado de menores, llamando antes del 11 de noviembre al 722 69 30 78 del Servicio de Igualdad de Bortziriak.<br \/>\n<strong>ETXALAR: Martes 19 de noviembre a las 16:00h en la Casa de Cultura<\/strong>. Para solicitar el servicio de cuidado de menores, llamando antes del 15 de noviembre al 722 69 30 78 del Servicio de Igualdad de Bortziriak.<\/p>\n<p>En Euskera. Se ofrecer\u00e1 traducci\u00f3n al espa\u00f1ol.<\/p>\n<\/div>\n<\/div><\/div><\/div><\/div><\/div><\/div><\/div><\/section>\n","protected":false},"excerpt":{"rendered":"En 2023, a trav\u00e9s de un proceso participativo, se llev\u00f3 a cabo el III Plan de Igualdad de Bortziriak (2023-2027) con la aprobaci\u00f3n de los cinco ayuntamientos. Camino hacia una sociedad y una econom\u00eda m\u00e1s igualitaria se contempl\u00f3 realizar un diagn\u00f3stico sobre los cuidados vinculado al cuidado de ni\u00f1as\/os y personas dependientes. Por todo ello,...","protected":false},"author":2,"featured_media":1521,"comment_status":"closed","ping_status":"closed","sticky":false,"template":"","format":"standard","meta":{"_acf_changed":false,"footnotes":""},"categories":[28],"tags":[],"class_list":["post-1552","post","type-post","status-publish","format-standard","has-post-thumbnail","hentry","category-noticias"],"acf":[],"_links":{"self":[{"href":"https:\/\/bortziriakberd.eus\/es\/wp-json\/wp\/v2\/posts\/1552","targetHints":{"allow":["GET"]}}],"collection":[{"href":"https:\/\/bortziriakberd.eus\/es\/wp-json\/wp\/v2\/posts"}],"about":[{"href":"https:\/\/bortziriakberd.eus\/es\/wp-json\/wp\/v2\/types\/post"}],"author":[{"embeddable":true,"href":"https:\/\/bortziriakberd.eus\/es\/wp-json\/wp\/v2\/users\/2"}],"replies":[{"embeddable":true,"href":"https:\/\/bortziriakberd.eus\/es\/wp-json\/wp\/v2\/comments?post=1552"}],"version-history":[{"count":3,"href":"https:\/\/bortziriakberd.eus\/es\/wp-json\/wp\/v2\/posts\/1552\/revisions"}],"predecessor-version":[{"id":1572,"href":"https:\/\/bortziriakberd.eus\/es\/wp-json\/wp\/v2\/posts\/1552\/revisions\/1572"}],"wp:featuredmedia":[{"embeddable":true,"href":"https:\/\/bortziriakberd.eus\/es\/wp-json\/wp\/v2\/media\/1521"}],"wp:attachment":[{"href":"https:\/\/bortziriakberd.eus\/es\/wp-json\/wp\/v2\/media?parent=1552"}],"wp:term":[{"taxonomy":"category","embeddable":true,"href":"https:\/\/bortziriakberd.eus\/es\/wp-json\/wp\/v2\/categories?post=1552"},{"taxonomy":"post_tag","embeddable":true,"href":"https:\/\/bortziriakberd.eus\/es\/wp-json\/wp\/v2\/tags?post=1552"}],"curies":[{"name":"wp","href":"https:\/\/api.w.org\/{rel}","templated":true}]}}