{"id":1813,"date":"2025-01-22T11:41:13","date_gmt":"2025-01-22T10:41:13","guid":{"rendered":"https:\/\/bortziriakberd.eus\/?p=1813"},"modified":"2025-01-22T11:41:31","modified_gmt":"2025-01-22T10:41:31","slug":"formacion-dirigida-a-la-representacion-munipal-politica-para-la-integracion-de-la-perspectiva-de-genero-en-la-actividad-municipal","status":"publish","type":"post","link":"https:\/\/bortziriakberd.eus\/es\/2025\/01\/22\/formacion-dirigida-a-la-representacion-munipal-politica-para-la-integracion-de-la-perspectiva-de-genero-en-la-actividad-municipal\/","title":{"rendered":"FORMACI\u00d3N DIRIGIDA A LA REPRESENTACI\u00d3N MUNIPAL POL\u00cdTICA PARA LA INTEGRACI\u00d3N DE LA PERSPECTIVA DE G\u00c9NERO EN LA ACTIVIDAD MUNICIPAL"},"content":{"rendered":"<p>En 2023 se aprob\u00f3 el III Plan para la Igualdad de mujeres y hombres de Bortziriak (2023-2027). En ella se integra la necesidad de<strong> incorporar la perspectiva de g\u00e9nero en la actividad municipal <\/strong>de los cinco ayuntamientos. Para poder desarrollar este eje en los ayuntamientos, es imprescindible que <strong>la representaci\u00f3n municipal pol\u00edtica adquiera conocimientos sobre las pol\u00edticas de g\u00e9nero<\/strong> para poder trabajar toda la actividad municipal desde la perspectiva de g\u00e9nero.<\/p>\n<p>\u00ab1.1.3. <em>Recibir una formaci\u00f3n b\u00e1sica en Pol\u00edticas de Igualdad para toda la representantaci\u00f3n pol\u00edtica de los cinco ayuntamientos. Las formaciones se organizar\u00e1n anualmente y cada a\u00f1o en un pueblo diferente \u00ab<\/em><\/p>\n<p>Para llevar a cabo esta acci\u00f3n en 2023 se organiz\u00f3 una sesi\u00f3n de formaci\u00f3n b\u00e1sica sobre pol\u00edticas de igualdad para representantes municipales de Bortziriak en <strong>Etxalar<\/strong>. En 2024, en <strong>Igantzi<\/strong> se repiti\u00f3 la sesi\u00f3n y se organiz\u00f3 una sesi\u00f3n de profundizaci\u00f3n para ir adquiriendo progresivamente esos conocimientos.<\/p>\n<p>En 2025 para seguir trabajando en el compromiso pol\u00edtico con la igualdad se han organizado dos sesiones de 3 horas cada una en <strong>Lesaka. <\/strong>Las fechas ser\u00e1n el <strong>11 de febrero por la tarde y el 12 por la ma\u00f1ana<\/strong> de la mano de la experta Idoia Lekue Pe\u00f1a.<\/p>\n<p>Objetivos de la formaci\u00f3n:<\/p>\n<ul>\n<li>Darse cuenta de la necesidad de trabajar con criterios de igualdad.<\/li>\n<li>Conocer algunas claves para incorporar la perspectiva de g\u00e9nero.<\/li>\n<li>Tomar conciencia de lo imprescindible de la transversalidad de g\u00e9nero.<\/li>\n<\/ul>\n<p>Se buscar\u00e1 la aplicaci\u00f3n pr\u00e1ctica y real de lo aprendido.<\/p>\n","protected":false},"excerpt":{"rendered":"<p>En 2023 se aprob\u00f3 el III Plan para la Igualdad de mujeres y hombres de Bortziriak (2023-2027). En ella se integra la necesidad de incorporar la perspectiva de g\u00e9nero en la actividad municipal de los cinco ayuntamientos. Para poder desarrollar este eje en los ayuntamientos, es imprescindible que la representaci\u00f3n municipal pol\u00edtica adquiera conocimientos sobre&#8230;<\/p>\n","protected":false},"author":2,"featured_media":1812,"comment_status":"closed","ping_status":"open","sticky":false,"template":"","format":"standard","meta":{"_acf_changed":false,"footnotes":""},"categories":[28],"tags":[],"class_list":["post-1813","post","type-post","status-publish","format-standard","has-post-thumbnail","hentry","category-noticias"],"acf":[],"_links":{"self":[{"href":"https:\/\/bortziriakberd.eus\/es\/wp-json\/wp\/v2\/posts\/1813","targetHints":{"allow":["GET"]}}],"collection":[{"href":"https:\/\/bortziriakberd.eus\/es\/wp-json\/wp\/v2\/posts"}],"about":[{"href":"https:\/\/bortziriakberd.eus\/es\/wp-json\/wp\/v2\/types\/post"}],"author":[{"embeddable":true,"href":"https:\/\/bortziriakberd.eus\/es\/wp-json\/wp\/v2\/users\/2"}],"replies":[{"embeddable":true,"href":"https:\/\/bortziriakberd.eus\/es\/wp-json\/wp\/v2\/comments?post=1813"}],"version-history":[{"count":2,"href":"https:\/\/bortziriakberd.eus\/es\/wp-json\/wp\/v2\/posts\/1813\/revisions"}],"predecessor-version":[{"id":1817,"href":"https:\/\/bortziriakberd.eus\/es\/wp-json\/wp\/v2\/posts\/1813\/revisions\/1817"}],"wp:featuredmedia":[{"embeddable":true,"href":"https:\/\/bortziriakberd.eus\/es\/wp-json\/wp\/v2\/media\/1812"}],"wp:attachment":[{"href":"https:\/\/bortziriakberd.eus\/es\/wp-json\/wp\/v2\/media?parent=1813"}],"wp:term":[{"taxonomy":"category","embeddable":true,"href":"https:\/\/bortziriakberd.eus\/es\/wp-json\/wp\/v2\/categories?post=1813"},{"taxonomy":"post_tag","embeddable":true,"href":"https:\/\/bortziriakberd.eus\/es\/wp-json\/wp\/v2\/tags?post=1813"}],"curies":[{"name":"wp","href":"https:\/\/api.w.org\/{rel}","templated":true}]}}