{"id":1988,"date":"2025-02-24T13:11:09","date_gmt":"2025-02-24T12:11:09","guid":{"rendered":"https:\/\/bortziriakberd.eus\/?p=1988"},"modified":"2025-03-11T16:51:20","modified_gmt":"2025-03-11T15:51:20","slug":"ginkana-en-busca-de-la-huella-de-las-mujeres-vascas","status":"publish","type":"post","link":"https:\/\/bortziriakberd.eus\/es\/2025\/02\/24\/ginkana-en-busca-de-la-huella-de-las-mujeres-vascas\/","title":{"rendered":"GINKANA: EN BUSCA DE LA HUELLA DE LAS MUJERES VASCAS"},"content":{"rendered":"<p><span style=\"letter-spacing: 0em;\">A trav\u00e9s de esta ginkana queremos llevar a las ni\u00f1as y ni\u00f1os a conocer historias de mujeres que han dejado huella en Euskal Herria y entender su valor.<\/span><\/p>\n<div class=\"row\">\n<div class=\"col-md-12 col-xs-12\">\n<p>Para ello, en esta actividad se convertir\u00e1n en exploradoras\/es que retroceden y avanzan en el tiempo. Buceando en las historias de mujeres vascas que con valent\u00eda y compromiso han superado obst\u00e1culos y han alcanzado numerosos logros. Mediante din\u00e1micas, juegos y retos, la ginkana busca difundir los valores del empoderamiento de las mujeres.<\/p>\n<p><strong>Edad:<\/strong> de 7 a 12 a\u00f1os.<\/p>\n<p><strong>Actividad en euskera<\/strong><\/p>\n<p><strong>Duraci\u00f3n aproximada de la actividad<\/strong>: 2 horas<\/p>\n<p><strong>D\u00eda y lugar<\/strong>: 15 de marzo, s\u00e1bado a las 10:30 en el front\u00f3n de Altzate. Bera.<\/p>\n<p><strong>\u00a1\u00a1\u00a1Ampliamos el plazo para inscripciones !!! \u00a0\u00a0<a style=\"letter-spacing: 0em;\" href=\"https:\/\/labur.eus\/ULusw\">hasta el 14 de marzo aqu\u00ed<\/a><\/strong><\/p>\n<\/div>\n<\/div>\n","protected":false},"excerpt":{"rendered":"<p>A trav\u00e9s de esta ginkana queremos llevar a las ni\u00f1as y ni\u00f1os a conocer historias de mujeres que han dejado huella en Euskal Herria y entender su valor. Para ello, en esta actividad se convertir\u00e1n en exploradoras\/es que retroceden y avanzan en el tiempo. Buceando en las historias de mujeres vascas que con valent\u00eda y&#8230;<\/p>\n","protected":false},"author":2,"featured_media":2095,"comment_status":"closed","ping_status":"closed","sticky":false,"template":"","format":"standard","meta":{"_acf_changed":false,"footnotes":""},"categories":[27],"tags":[],"class_list":["post-1988","post","type-post","status-publish","format-standard","has-post-thumbnail","hentry","category-evento"],"acf":[],"_links":{"self":[{"href":"https:\/\/bortziriakberd.eus\/es\/wp-json\/wp\/v2\/posts\/1988","targetHints":{"allow":["GET"]}}],"collection":[{"href":"https:\/\/bortziriakberd.eus\/es\/wp-json\/wp\/v2\/posts"}],"about":[{"href":"https:\/\/bortziriakberd.eus\/es\/wp-json\/wp\/v2\/types\/post"}],"author":[{"embeddable":true,"href":"https:\/\/bortziriakberd.eus\/es\/wp-json\/wp\/v2\/users\/2"}],"replies":[{"embeddable":true,"href":"https:\/\/bortziriakberd.eus\/es\/wp-json\/wp\/v2\/comments?post=1988"}],"version-history":[{"count":13,"href":"https:\/\/bortziriakberd.eus\/es\/wp-json\/wp\/v2\/posts\/1988\/revisions"}],"predecessor-version":[{"id":2092,"href":"https:\/\/bortziriakberd.eus\/es\/wp-json\/wp\/v2\/posts\/1988\/revisions\/2092"}],"wp:featuredmedia":[{"embeddable":true,"href":"https:\/\/bortziriakberd.eus\/es\/wp-json\/wp\/v2\/media\/2095"}],"wp:attachment":[{"href":"https:\/\/bortziriakberd.eus\/es\/wp-json\/wp\/v2\/media?parent=1988"}],"wp:term":[{"taxonomy":"category","embeddable":true,"href":"https:\/\/bortziriakberd.eus\/es\/wp-json\/wp\/v2\/categories?post=1988"},{"taxonomy":"post_tag","embeddable":true,"href":"https:\/\/bortziriakberd.eus\/es\/wp-json\/wp\/v2\/tags?post=1988"}],"curies":[{"name":"wp","href":"https:\/\/api.w.org\/{rel}","templated":true}]}}