{"id":2390,"date":"2025-05-14T11:38:07","date_gmt":"2025-05-14T10:38:07","guid":{"rendered":"https:\/\/bortziriakberd.eus\/?p=2390"},"modified":"2025-05-14T11:38:07","modified_gmt":"2025-05-14T10:38:07","slug":"todo-listo-para-las-jornadas-de-diversidad-linguistica-y-cultural-de-bortziriak","status":"publish","type":"post","link":"https:\/\/bortziriakberd.eus\/es\/2025\/05\/14\/todo-listo-para-las-jornadas-de-diversidad-linguistica-y-cultural-de-bortziriak\/","title":{"rendered":"Todo listo para las jornadas de diversidad ling\u00fc\u00edstica y cultural de Bortziriak"},"content":{"rendered":"<p><em><strong>El grupo de diversidad ling\u00fc\u00edstica y cultural de Bortziriak ha organizado unas jornadas entorno al d\u00eda internacional de la diversidad cultural del 21 de mayo. El a\u00f1o pasado se celebr\u00f3 por primera vez en Bera la<span>\u00a0<\/span><a href=\"https:\/\/www.youtube.com\/watch?v=0HIan6Y8D5A\" target=\"_blank\" rel=\"noopener\">fiesta de la diversidad ling\u00fc\u00edstica y cultural de Bortziriak<\/a>, y este a\u00f1o se han organizado tres actividades relacionadas con la inmigraci\u00f3n, la diversidad ling\u00fc\u00edstica y cultural, la acogida y el euskera. Se pretende invitar a la ciudadan\u00eda y agentes sociales, a que participen y asistan a las actividades. Asimismo, han subrayado que los actos se han organizado para todas aquellas personas residentes en Bortziriak, tanto si han nacido en la comarca como si lo han hecho fuera de ella.<\/strong><\/em><\/p>\n<p><strong>Exposici\u00f3n \u201cMigrantas\u201d<\/strong><\/p>\n<p>BERA<br \/>\n\u2022 Lugar: Sal\u00f3n de Actos de la Ikastola Labiaga de Bera.<br \/>\n\u2022 Duraci\u00f3n: del 16 al 29 de mayo.<br \/>\n\u2022 Horario:<br \/>\no De lunes a viernes, por la ma\u00f1ana, para estudiantes de los centros educativos.<br \/>\no S\u00e1bados y domingos de 17:00 a 20:00.<br \/>\n\u2022 Presentaci\u00f3n: 16 de mayo, viernes, a las 18:30.<br \/>\no Habr\u00e1 picoteo.<br \/>\no Se ofrecer\u00e1 traducci\u00f3n simult\u00e1nea al castellano v\u00eda Telegram. Aquellas personas que lo requieran deber\u00e1n instalar la aplicaci\u00f3n Telegram en su m\u00f3vil y traer unos auriculares. Se ruega que se acerquen 15 antes del inicio del acto para organizarlo todo.<\/p>\n<p>ETXALAR<br \/>\n\u2022 Lugar: Centro Cultural Pello Apezetxea Zubiri de Etxalar.<br \/>\n\u2022 Duraci\u00f3n: del 30 de mayo al 6 de junio.<br \/>\n\u2022 Horario:<br \/>\no De lunes a viernes de 16:00 a 19:40.<br \/>\n\u2022 Presentaci\u00f3n: 30 de mayo, viernes, a las 18:30.<br \/>\no Se ofrecer\u00e1 traducci\u00f3n simult\u00e1nea al castellano v\u00eda Telegram. Aquellas personas que lo requieran deber\u00e1n instalar la aplicaci\u00f3n Telegram en su m\u00f3vil y traer unos auriculares. Se ruega que se acerquen 15 antes del inicio del acto para organizarlo todo.<\/p>\n<p><strong>Fiesta de la diversidad cultural<\/strong><br \/>\n\u2022 D\u00eda: martes 20 de mayo a las 16:00 horas.<br \/>\n\u2022 Lugar: Escuela P\u00fablica Irain de Lesaka.<br \/>\n\u2022 Bailes, talleres, degustaci\u00f3n de comida y concierto.<\/p>\n<p><strong>Presentaci\u00f3n del estudio \u201cLa diversidad ling\u00fc\u00edstica de Cinco Villas: percepciones y actitudes de las personas migrantes hacia el euskera\u201d<\/strong><br \/>\n<strong>Grupo de investigaci\u00f3n: Paula Laita, Jon Martin y Ane Osua.<\/strong><br \/>\n<strong>Grupo ganador de la beca de investigaci\u00f3n Pello Apezetxea Zubiri.<\/strong><br \/>\n\u2022 D\u00eda: 29 de mayo, jueves, a las 18:30 horas.<br \/>\n\u2022 Lugar: Beran, Beralandeta.<br \/>\n\u2022 La presentaci\u00f3n ser\u00e1 en euskera.<br \/>\no Se ofrecer\u00e1 traducci\u00f3n simult\u00e1nea al castellano v\u00eda Telegram. Aquellas personas que lo requieran deber\u00e1n instalar la aplicaci\u00f3n Telegram en su m\u00f3vil y traer unos auriculares. Se ruega que se acerquen 15 antes del inicio del acto para organizarlo todo.<br \/>\n\u2022 Al acabar habr\u00e1 picoteo.<\/p>\n<p><strong>Cartel en diferentes idiomas<\/strong><\/p>\n<ul>\n<li><a href=\"https:\/\/bortziriak.eus\/wp-content\/uploads\/2025\/05\/Aniztasun-jardunaldiak-gaztelaniaz.pdf\" target=\"_blank\" rel=\"noopener\">Castellano<\/a><\/li>\n<li><a href=\"https:\/\/bortziriak.eus\/wp-content\/uploads\/2025\/05\/Aniztasun-jardunaldiak-portugesez.pdf\" target=\"_blank\" rel=\"noopener\">Portugu\u00eas<\/a><\/li>\n<li><a href=\"https:\/\/bortziriak.eus\/wp-content\/uploads\/2025\/05\/Aniztasun-jardunaldiak-errumanieraz.pdf\" target=\"_blank\" rel=\"noopener\">rom\u00e2n\u0103<\/a><\/li>\n<li><a href=\"https:\/\/bortziriak.eus\/wp-content\/uploads\/2025\/05\/Aniztasun-jardunaldiak-arabieraz.pdf\" target=\"_blank\" rel=\"noopener\">\u0639\u0631\u0628\u064a<\/a><\/li>\n<li><a href=\"https:\/\/bortziriak.eus\/wp-content\/uploads\/2025\/05\/Aniztasun-jardunaldiak-bulgarieraz.pdf\" target=\"_blank\" rel=\"noopener\">\u0431\u044a\u043b\u0433\u0430\u0440\u0441\u043a\u0438<\/a><\/li>\n<li><a href=\"https:\/\/bortziriak.eus\/wp-content\/uploads\/2025\/05\/Aniztasun-jardunaldiak-ukraineraz.pdf\" target=\"_blank\" rel=\"noopener\">\u0443\u043a\u0440\u0430\u0457\u043d\u0441\u044c\u043a\u0430<\/a><\/li>\n<li><a href=\"https:\/\/bortziriak.eus\/wp-content\/uploads\/2025\/05\/Aniztasun-jardunaldiak-errusieraz.pdf\" target=\"_blank\" rel=\"noopener\">\u0420\u0443\u0441\u0441\u043a\u0438\u0439<\/a><\/li>\n<\/ul>\n","protected":false},"excerpt":{"rendered":"<p>El grupo de diversidad ling\u00fc\u00edstica y cultural de Bortziriak ha organizado unas jornadas entorno al d\u00eda internacional de la diversidad cultural del 21 de mayo. El a\u00f1o pasado se celebr\u00f3 por primera vez en Bera la\u00a0fiesta de la diversidad ling\u00fc\u00edstica y cultural de Bortziriak, y este a\u00f1o se han organizado tres actividades relacionadas con la&#8230;<\/p>\n","protected":false},"author":2,"featured_media":2388,"comment_status":"closed","ping_status":"open","sticky":false,"template":"","format":"standard","meta":{"_acf_changed":false,"footnotes":""},"categories":[28],"tags":[],"class_list":["post-2390","post","type-post","status-publish","format-standard","has-post-thumbnail","hentry","category-noticias"],"acf":[],"_links":{"self":[{"href":"https:\/\/bortziriakberd.eus\/es\/wp-json\/wp\/v2\/posts\/2390","targetHints":{"allow":["GET"]}}],"collection":[{"href":"https:\/\/bortziriakberd.eus\/es\/wp-json\/wp\/v2\/posts"}],"about":[{"href":"https:\/\/bortziriakberd.eus\/es\/wp-json\/wp\/v2\/types\/post"}],"author":[{"embeddable":true,"href":"https:\/\/bortziriakberd.eus\/es\/wp-json\/wp\/v2\/users\/2"}],"replies":[{"embeddable":true,"href":"https:\/\/bortziriakberd.eus\/es\/wp-json\/wp\/v2\/comments?post=2390"}],"version-history":[{"count":1,"href":"https:\/\/bortziriakberd.eus\/es\/wp-json\/wp\/v2\/posts\/2390\/revisions"}],"predecessor-version":[{"id":2391,"href":"https:\/\/bortziriakberd.eus\/es\/wp-json\/wp\/v2\/posts\/2390\/revisions\/2391"}],"wp:featuredmedia":[{"embeddable":true,"href":"https:\/\/bortziriakberd.eus\/es\/wp-json\/wp\/v2\/media\/2388"}],"wp:attachment":[{"href":"https:\/\/bortziriakberd.eus\/es\/wp-json\/wp\/v2\/media?parent=2390"}],"wp:term":[{"taxonomy":"category","embeddable":true,"href":"https:\/\/bortziriakberd.eus\/es\/wp-json\/wp\/v2\/categories?post=2390"},{"taxonomy":"post_tag","embeddable":true,"href":"https:\/\/bortziriakberd.eus\/es\/wp-json\/wp\/v2\/tags?post=2390"}],"curies":[{"name":"wp","href":"https:\/\/api.w.org\/{rel}","templated":true}]}}