{"id":2410,"date":"2025-05-14T12:01:19","date_gmt":"2025-05-14T11:01:19","guid":{"rendered":"https:\/\/bortziriakberd.eus\/?p=2410"},"modified":"2025-05-26T16:00:24","modified_gmt":"2025-05-26T15:00:24","slug":"presentacion-de-la-exposicion-migrantas","status":"publish","type":"post","link":"https:\/\/bortziriakberd.eus\/es\/2025\/05\/14\/presentacion-de-la-exposicion-migrantas\/","title":{"rendered":"Presentaci\u00f3n de la exposici\u00f3n \u201cMigrantas\u201d. Bera."},"content":{"rendered":"<section class=\"l-section wpb_row height_medium\"><div class=\"l-section-h i-cf\"><div class=\"g-cols vc_row via_flex valign_top type_default stacking_default\"><div class=\"vc_col-sm-12 wpb_column vc_column_container\"><div class=\"vc_column-inner\"><div class=\"wpb_wrapper\"><div class=\"wpb_text_column\"><div class=\"wpb_wrapper\"><p><em><strong>El grupo de diversidad ling\u00fc\u00edstica y cultural de Bortziriak ha organizado unas jornadas entorno al d\u00eda internacional de la diversidad cultural del 21 de mayo<\/strong>. El a\u00f1o pasado se celebr\u00f3 por primera vez en Bera la<a href=\"https:\/\/www.youtube.com\/watch?v=0HIan6Y8D5A\" target=\"_blank\" rel=\"noopener\">fiesta de la diversidad ling\u00fc\u00edstica y cultural de Bortziriak<\/a>, y este a\u00f1o se han organizado tres actividades relacionadas con la inmigraci\u00f3n, la diversidad ling\u00fc\u00edstica y cultural, la acogida y el euskera. Se pretende invitar a la ciudadan\u00eda y agentes sociales, a que participen y asistan a las actividades. Asimismo, han subrayado que los actos se han organizado para todas aquellas personas residentes en Bortziriak, tanto si han nacido en la comarca como si lo han hecho fuera de ella.<\/em><\/p>\n<p><strong>Presentaci\u00f3n de la exposici\u00f3n \u201cMigrantas\u201d: 16 de mayo, viernes, a las 18:30.<\/strong><\/p>\n<ul>\n<li>Lugar: Sal\u00f3n de Actos de la Ikastola Labiaga de Bera.<\/li>\n<li>Autoras\/es: Iraitz Arabolaza y <a href=\"https:\/\/parean.eus\/\">Parean elkartea<\/a><\/li>\n<li>Habr\u00e1 picoteo.<\/li>\n<\/ul>\n<p>o <em><strong>Se ofrecer\u00e1 traducci\u00f3n simult\u00e1nea al castellano v\u00eda Telegram. Aquellas personas que lo requieran deber\u00e1n instalar la aplicaci\u00f3n Telegram en su m\u00f3vil y traer unos auriculares. Se ruega que se acerquen 15 antes del inicio del acto para organizarlo todo.<\/strong><\/em><\/p>\n<p><img loading=\"lazy\" decoding=\"async\" class=\"size-medium wp-image-2401 alignleft\" src=\"https:\/\/bortziriakberd.eus\/wp-content\/uploads\/2025\/05\/Erakusketa-argazkia.-Ama-300x300.jpeg\" alt=\"\" width=\"300\" height=\"300\" srcset=\"https:\/\/bortziriakberd.eus\/wp-content\/uploads\/2025\/05\/Erakusketa-argazkia.-Ama-300x300.jpeg 300w, https:\/\/bortziriakberd.eus\/wp-content\/uploads\/2025\/05\/Erakusketa-argazkia.-Ama-1024x1024.jpeg 1024w, https:\/\/bortziriakberd.eus\/wp-content\/uploads\/2025\/05\/Erakusketa-argazkia.-Ama-150x150.jpeg 150w, https:\/\/bortziriakberd.eus\/wp-content\/uploads\/2025\/05\/Erakusketa-argazkia.-Ama.jpeg 1600w\" sizes=\"auto, (max-width: 300px) 100vw, 300px\" \/><\/p>\n<p>&nbsp;<\/p>\n<p><strong>Duraci\u00f3n de la exposici\u00f3n: del 16 al 29 de mayo.<\/strong><br \/>\n\u2022 Horario:<br \/>\no De lunes a viernes, por la ma\u00f1ana, para estudiantes de los centros educativos.<br \/>\n<strong>o S\u00e1bados y domingos de 17:00 a 20:00.<\/strong><\/p>\n<p>A partir del 30 de mayo en Etxalar!<\/p>\n<p>\u00a1Os esperamos!<\/p>\n<\/div><\/div><\/div><\/div><\/div><\/div><\/div><\/section>\n","protected":false},"excerpt":{"rendered":"El grupo de diversidad ling\u00fc\u00edstica y cultural de Bortziriak ha organizado unas jornadas entorno al d\u00eda internacional de la diversidad cultural del 21 de mayo. El a\u00f1o pasado se celebr\u00f3 por primera vez en Bera lafiesta de la diversidad ling\u00fc\u00edstica y cultural de Bortziriak, y este a\u00f1o se han organizado tres actividades relacionadas con la...","protected":false},"author":2,"featured_media":2398,"comment_status":"closed","ping_status":"open","sticky":false,"template":"","format":"standard","meta":{"_acf_changed":false,"footnotes":""},"categories":[27],"tags":[],"class_list":["post-2410","post","type-post","status-publish","format-standard","has-post-thumbnail","hentry","category-evento"],"acf":[],"_links":{"self":[{"href":"https:\/\/bortziriakberd.eus\/es\/wp-json\/wp\/v2\/posts\/2410","targetHints":{"allow":["GET"]}}],"collection":[{"href":"https:\/\/bortziriakberd.eus\/es\/wp-json\/wp\/v2\/posts"}],"about":[{"href":"https:\/\/bortziriakberd.eus\/es\/wp-json\/wp\/v2\/types\/post"}],"author":[{"embeddable":true,"href":"https:\/\/bortziriakberd.eus\/es\/wp-json\/wp\/v2\/users\/2"}],"replies":[{"embeddable":true,"href":"https:\/\/bortziriakberd.eus\/es\/wp-json\/wp\/v2\/comments?post=2410"}],"version-history":[{"count":9,"href":"https:\/\/bortziriakberd.eus\/es\/wp-json\/wp\/v2\/posts\/2410\/revisions"}],"predecessor-version":[{"id":2441,"href":"https:\/\/bortziriakberd.eus\/es\/wp-json\/wp\/v2\/posts\/2410\/revisions\/2441"}],"wp:featuredmedia":[{"embeddable":true,"href":"https:\/\/bortziriakberd.eus\/es\/wp-json\/wp\/v2\/media\/2398"}],"wp:attachment":[{"href":"https:\/\/bortziriakberd.eus\/es\/wp-json\/wp\/v2\/media?parent=2410"}],"wp:term":[{"taxonomy":"category","embeddable":true,"href":"https:\/\/bortziriakberd.eus\/es\/wp-json\/wp\/v2\/categories?post=2410"},{"taxonomy":"post_tag","embeddable":true,"href":"https:\/\/bortziriakberd.eus\/es\/wp-json\/wp\/v2\/tags?post=2410"}],"curies":[{"name":"wp","href":"https:\/\/api.w.org\/{rel}","templated":true}]}}