{"id":2570,"date":"2025-07-02T07:10:10","date_gmt":"2025-07-02T06:10:10","guid":{"rendered":"https:\/\/bortziriakberd.eus\/?p=2570"},"modified":"2025-07-02T13:31:55","modified_gmt":"2025-07-02T12:31:55","slug":"punto-morado-lesaka","status":"publish","type":"post","link":"https:\/\/bortziriakberd.eus\/es\/2025\/07\/02\/punto-morado-lesaka\/","title":{"rendered":"EL 4 y 5 JULIO SE INSTALAR\u00c1 EL PUNTO MORADO Y HABR\u00c1 SERVICIO TELEF\u00d3NICO DE ATENCI\u00d3N ANTE VIOLENCIAS MACHISTAS"},"content":{"rendered":"<section class=\"l-section wpb_row height_medium\"><div class=\"l-section-h i-cf\"><div class=\"g-cols vc_row via_flex valign_top type_default stacking_default\"><div class=\"vc_col-sm-12 wpb_column vc_column_container\"><div class=\"vc_column-inner\"><div class=\"wpb_wrapper\"><div class=\"wpb_text_column\"><div class=\"wpb_wrapper\"><p><strong>Construir espacios que garanticen el derecho a disfrutar de las fiestas en libertad es responsabilidad de todas las personas, actuando activamente ante cualquier tipo de discriminaci\u00f3n y violencia machista. Recuerda que nada justifica una actitud machista o una agresi\u00f3n sexual.<\/strong><\/p>\n<p><span class=\"x19la9d6 x1fc57z9 x6ikm8r x10wlt62 x19co3pv x1g5zs5t xfibh0p xiy17q3 x1xsqp64 x1lkfr7t xexx8yu xyri2b x18d9i69 x1c1uobl\"><span class=\"xrtxmta x1bhl96m\">\ud83d\udfe3 <\/span><\/span>El fin de semana de Sanfermines se ofrecer\u00e1n 3 servicios del Punto Morado que contar\u00e1n con dos profesionales de la asociaci\u00f3n Emagin.<\/p>\n<p>&#8211; Lugar: <strong>Eskribonea.<\/strong> Beheko plaza 5 (frente a Correos)<\/p>\n<p>&#8211; Fechas: <strong>4 y 5 de julio<\/strong><\/p>\n<p><strong><span class=\"x19la9d6 x1fc57z9 x6ikm8r x10wlt62 x19co3pv x1g5zs5t xfibh0p xiy17q3 x1xsqp64 x1lkfr7t xexx8yu xyri2b x18d9i69 x1c1uobl\"><span class=\"xrtxmta x1bhl96m\">\u2139\ufe0f<\/span><\/span>\u00a0PUNTO DE INFORMACI\u00d3N<\/strong>: Carpa morada de sensibilizaci\u00f3n y prevenci\u00f3n de la violencia machista. <strong>Horario: 19:00-00:00<\/strong><\/p>\n<p><strong> <span class=\"x19la9d6 x1fc57z9 x6ikm8r x10wlt62 x19co3pv x1g5zs5t xfibh0p xiy17q3 x1xsqp64 x1lkfr7t xexx8yu xyri2b x18d9i69 x1c1uobl\"><span class=\"xrtxmta x1bhl96m\">\ud83e\udd1d <\/span><\/span>PUNTO DE ATENCI\u00d3N<\/strong>: \u00c1rea de atenci\u00f3n e intervenci\u00f3n ante agresiones machistas. <strong style=\"letter-spacing: 0em;\">Horario: 00:00-08:00<\/strong><\/p>\n<p><strong><span class=\"x19la9d6 x1fc57z9 x6ikm8r x10wlt62 x19co3pv x1g5zs5t xfibh0p xiy17q3 x1xsqp64 x1lkfr7t xexx8yu xyri2b x18d9i69 x1c1uobl\"><span class=\"xrtxmta x1bhl96m\">\ud83d\udcf1 <\/span><\/span>SERVICIO DE ATENCI\u00d3N TELEF\u00d3NICA<\/strong>: <strong>722 467 197. Horario: 19:00-8:00<\/strong><\/p>\n<p><img loading=\"lazy\" decoding=\"async\" class=\"alignnone wp-image-2563\" src=\"https:\/\/bortziriakberd.eus\/wp-content\/uploads\/2025\/07\/puntu-morea-arreta-txartela-300x194.jpeg\" alt=\"\" width=\"226\" height=\"146\" srcset=\"https:\/\/bortziriakberd.eus\/wp-content\/uploads\/2025\/07\/puntu-morea-arreta-txartela-300x194.jpeg 300w, https:\/\/bortziriakberd.eus\/wp-content\/uploads\/2025\/07\/puntu-morea-arreta-txartela.jpeg 1004w\" sizes=\"auto, (max-width: 226px) 100vw, 226px\" \/><\/p>\n<p><strong>Durante todo el a\u00f1o<\/strong>, si quieres hacer llegar cualquier hecho relacionado con la violencia machista o informarte de los recursos, ponte en contacto con el <strong>Servicio de Igualdad de Bortziriak<\/strong>:<\/p>\n<p><strong><a href=\"mailto:berdintasuna@bortziriakberd.eus\">berdintasuna@bortziriakberd.eus<\/a><\/strong><\/p>\n<p><strong>\ud83d\udcde 722 69 30 78<\/strong><\/p>\n<p>https:\/\/bortziriakberd.eus\/wp-content\/uploads\/2024\/07\/INDARKERIA-MATXISTAREN-KONTRAKO-BALIABIDEAK.-BORTZIRIAK.pdf<\/p>\n<p><img loading=\"lazy\" decoding=\"async\" class=\"alignnone wp-image-2565\" src=\"https:\/\/bortziriakberd.eus\/wp-content\/uploads\/2025\/07\/puntu-morea-atzekaldea-300x194.jpeg\" alt=\"\" width=\"221\" height=\"143\" srcset=\"https:\/\/bortziriakberd.eus\/wp-content\/uploads\/2025\/07\/puntu-morea-atzekaldea-300x194.jpeg 300w, https:\/\/bortziriakberd.eus\/wp-content\/uploads\/2025\/07\/puntu-morea-atzekaldea.jpeg 1004w\" sizes=\"auto, (max-width: 221px) 100vw, 221px\" \/><\/p>\n<\/div><\/div><\/div><\/div><\/div><\/div><\/div><\/section>\n","protected":false},"excerpt":{"rendered":"Construir espacios que garanticen el derecho a disfrutar de las fiestas en libertad es responsabilidad de todas las personas, actuando activamente ante cualquier tipo de discriminaci\u00f3n y violencia machista. Recuerda que nada justifica una actitud machista o una agresi\u00f3n sexual. \ud83d\udfe3 El fin de semana de Sanfermines se ofrecer\u00e1n 3 servicios del Punto Morado que...","protected":false},"author":2,"featured_media":2558,"comment_status":"closed","ping_status":"open","sticky":false,"template":"","format":"standard","meta":{"_acf_changed":false,"footnotes":""},"categories":[28],"tags":[60],"class_list":["post-2570","post","type-post","status-publish","format-standard","has-post-thumbnail","hentry","category-noticias","tag-violencias-machistas"],"acf":[],"_links":{"self":[{"href":"https:\/\/bortziriakberd.eus\/es\/wp-json\/wp\/v2\/posts\/2570","targetHints":{"allow":["GET"]}}],"collection":[{"href":"https:\/\/bortziriakberd.eus\/es\/wp-json\/wp\/v2\/posts"}],"about":[{"href":"https:\/\/bortziriakberd.eus\/es\/wp-json\/wp\/v2\/types\/post"}],"author":[{"embeddable":true,"href":"https:\/\/bortziriakberd.eus\/es\/wp-json\/wp\/v2\/users\/2"}],"replies":[{"embeddable":true,"href":"https:\/\/bortziriakberd.eus\/es\/wp-json\/wp\/v2\/comments?post=2570"}],"version-history":[{"count":6,"href":"https:\/\/bortziriakberd.eus\/es\/wp-json\/wp\/v2\/posts\/2570\/revisions"}],"predecessor-version":[{"id":2588,"href":"https:\/\/bortziriakberd.eus\/es\/wp-json\/wp\/v2\/posts\/2570\/revisions\/2588"}],"wp:featuredmedia":[{"embeddable":true,"href":"https:\/\/bortziriakberd.eus\/es\/wp-json\/wp\/v2\/media\/2558"}],"wp:attachment":[{"href":"https:\/\/bortziriakberd.eus\/es\/wp-json\/wp\/v2\/media?parent=2570"}],"wp:term":[{"taxonomy":"category","embeddable":true,"href":"https:\/\/bortziriakberd.eus\/es\/wp-json\/wp\/v2\/categories?post=2570"},{"taxonomy":"post_tag","embeddable":true,"href":"https:\/\/bortziriakberd.eus\/es\/wp-json\/wp\/v2\/tags?post=2570"}],"curies":[{"name":"wp","href":"https:\/\/api.w.org\/{rel}","templated":true}]}}