{"id":3559,"date":"2026-09-03T09:57:59","date_gmt":"2026-09-03T08:57:59","guid":{"rendered":"https:\/\/bortziriakberd.eus\/?p=3559"},"modified":"2026-09-03T13:21:12","modified_gmt":"2026-09-03T12:21:12","slug":"gorpuztu-2","status":"publish","type":"post","link":"https:\/\/bortziriakberd.eus\/es\/2026\/09\/03\/gorpuztu-2\/","title":{"rendered":"Gorpuztu: \u00a1ahora semanalmente!"},"content":{"rendered":"<section class=\"l-section wpb_row height_medium\"><div class=\"l-section-h i-cf\"><div class=\"g-cols vc_row via_flex valign_top type_default stacking_default\"><div class=\"vc_col-sm-12 wpb_column vc_column_container\"><div class=\"vc_column-inner\"><div class=\"wpb_wrapper\"><div class=\"wpb_text_column\"><div class=\"wpb_wrapper\"><p><span>La iniciativa &#8216;Gorpuztu&#8217; se ha ido asentando en la comarca, y\u00a0a la vista de la buena acogida y sus valoraciones, en adelante las sesiones ser\u00e1n todos los jueves.<\/span><\/p>\n<p><span>El objetivo principal del proyecto &#8216;Gorpuztu&#8217; es volver al cuerpo a trav\u00e9s de la m\u00fasica, desbloquear emociones y conectar con la vitalidad, la creatividad y la afectividad.<\/span><\/p>\n<blockquote>\n<p>Crearemos un espacio cuidado para habitar el cuerpo, bajar de la mente al cuerpo y generar red entre todas.<\/p>\n<\/blockquote>\n<p><span><strong>D\u00edas:<\/strong> 24 de septiembre; 1, 8, 15, 22 y 29 de octubre; y 5, 12, 19 y 26 de noviembre.<\/span><\/p>\n<p><span><strong>Hora:<\/strong> de 18:00 a 20:00 horas<\/span><\/p>\n<p><span><strong>Lugar:<\/strong> Casa de cultura de Bera<\/span><\/p>\n<p><span><strong>Informaci\u00f3n e inscripciones:<\/strong> en el tel\u00e9fono 722 69 30 78 del 7 al 18 de septiembre<\/span><\/p>\n<p><span><strong>Plazas:<\/strong> 20<\/span><\/p>\n<p><span><strong>Gratis<\/strong>. Tendr\u00e1n prioridad las mujeres* de Bortziriak<\/span><\/p>\n<p><span><strong>Idioma:<\/strong> Euskera<\/span><\/p>\n<p><span>\u00a1Para las mujeres* que han probado las sesiones y para las que a\u00fan no conocen la experiencia!<\/span><\/p>\n<\/div><\/div><\/div><\/div><\/div><\/div><\/div><\/section>\n","protected":false},"excerpt":{"rendered":"La iniciativa &#8216;Gorpuztu&#8217; se ha ido asentando en la comarca, y\u00a0a la vista de la buena acogida y sus valoraciones, en adelante las sesiones ser\u00e1n todos los jueves. El objetivo principal del proyecto &#8216;Gorpuztu&#8217; es volver al cuerpo a trav\u00e9s de la m\u00fasica, desbloquear emociones y conectar con la vitalidad, la creatividad y la afectividad....","protected":false},"author":2,"featured_media":3558,"comment_status":"closed","ping_status":"closed","sticky":false,"template":"","format":"standard","meta":{"_acf_changed":false,"footnotes":""},"categories":[27],"tags":[],"class_list":["post-3559","post","type-post","status-publish","format-standard","has-post-thumbnail","hentry","category-evento"],"acf":[],"_links":{"self":[{"href":"https:\/\/bortziriakberd.eus\/es\/wp-json\/wp\/v2\/posts\/3559","targetHints":{"allow":["GET"]}}],"collection":[{"href":"https:\/\/bortziriakberd.eus\/es\/wp-json\/wp\/v2\/posts"}],"about":[{"href":"https:\/\/bortziriakberd.eus\/es\/wp-json\/wp\/v2\/types\/post"}],"author":[{"embeddable":true,"href":"https:\/\/bortziriakberd.eus\/es\/wp-json\/wp\/v2\/users\/2"}],"replies":[{"embeddable":true,"href":"https:\/\/bortziriakberd.eus\/es\/wp-json\/wp\/v2\/comments?post=3559"}],"version-history":[{"count":5,"href":"https:\/\/bortziriakberd.eus\/es\/wp-json\/wp\/v2\/posts\/3559\/revisions"}],"predecessor-version":[{"id":3567,"href":"https:\/\/bortziriakberd.eus\/es\/wp-json\/wp\/v2\/posts\/3559\/revisions\/3567"}],"wp:featuredmedia":[{"embeddable":true,"href":"https:\/\/bortziriakberd.eus\/es\/wp-json\/wp\/v2\/media\/3558"}],"wp:attachment":[{"href":"https:\/\/bortziriakberd.eus\/es\/wp-json\/wp\/v2\/media?parent=3559"}],"wp:term":[{"taxonomy":"category","embeddable":true,"href":"https:\/\/bortziriakberd.eus\/es\/wp-json\/wp\/v2\/categories?post=3559"},{"taxonomy":"post_tag","embeddable":true,"href":"https:\/\/bortziriakberd.eus\/es\/wp-json\/wp\/v2\/tags?post=3559"}],"curies":[{"name":"wp","href":"https:\/\/api.w.org\/{rel}","templated":true}]}}